{"id":11413,"date":"2026-09-02T08:00:00","date_gmt":"2026-09-02T08:00:00","guid":{"rendered":"https:\/\/educa.pro\/?p=11413"},"modified":"2026-08-19T11:00:29","modified_gmt":"2026-08-19T11:00:29","slug":"managers-right-to-a-digital-break","status":"publish","type":"post","link":"https:\/\/educa.pro\/en\/articulos\/derecho-desconexion-digital-managers\/","title":{"rendered":"The right to a digital break in the summer: what this means for businesses and managers in 2026"},"content":{"rendered":"\n<p class=\"wp-block-paragraph\">Agosto concentra el momento de mayor tensi\u00f3n entre el derecho a desconectar y la presi\u00f3n cultural de estar siempre disponible. La plantilla se reduce, las urgencias no desaparecen y el email llega igual a quien est\u00e1 de vacaciones que a quien est\u00e1 en la oficina. El resultado es un derecho reconocido por ley que<strong> muchas empresas no han traducido todav\u00eda en una pol\u00edtica real,<\/strong> y que muchos managers no saben exactamente c\u00f3mo aplicar sin bloquear la operativa.<\/p>\n\n\n\n<h2 class=\"wp-block-heading\">Qu\u00e9 es el derecho a la desconexi\u00f3n digital y qu\u00e9 ley lo regula en Espa\u00f1a<\/h2>\n\n\n\n<p class=\"wp-block-paragraph\">El <strong>art\u00edculo 88 de la Ley Org\u00e1nica 3\/2018 (LOPDGDD)<\/strong> reconoce el derecho de los trabajadores a no atender comunicaciones digitales fuera del horario laboral. La ley obliga a las empresas a elaborar una pol\u00edtica <strong>interna de desconexi\u00f3n digital<\/strong> y, cuando exista representaci\u00f3n sindical, a negociarla con ella. Lo que la norma no hace es concretar c\u00f3mo debe articularse esa pol\u00edtica en la pr\u00e1ctica: ah\u00ed es donde la mayor\u00eda de empresas tienen un vac\u00edo real. El incumplimiento expone al empleador a <strong>sanciones de la Inspecci\u00f3n de Trabajo, <\/strong>con independencia del tama\u00f1o de la empresa o del sector.<\/p>\n\n\n\n<h2 class=\"wp-block-heading\">Por qu\u00e9 el verano intensifica los problemas de desconexi\u00f3n digital<\/h2>\n\n\n\n<p class=\"wp-block-paragraph\">En agosto, la presi\u00f3n sobre la desconexi\u00f3n digital se multiplica por tres factores simult\u00e1neos. El primero es la<strong> plantilla reducida:<\/strong> quien trabaja cubre m\u00e1s tareas y quien descansa recibe m\u00e1s mensajes. El segundo es la <strong>cultura del siempre disponible:<\/strong> en muchas organizaciones, responder r\u00e1pido en vacaciones es se\u00f1al de compromiso, aunque nadie lo diga expl\u00edcitamente. El tercero es la <strong>percepci\u00f3n de urgencia:<\/strong> la mayor parte de los contactos fuera de horario no son urgencias reales, sino urgencias percibidas por quien env\u00eda el mensaje. Esa distinci\u00f3n es clave y la pol\u00edtica interna debe establecerla con claridad, como tambi\u00e9n se\u00f1alamos al hablar de la <a href=\"https:\/\/educa.pro\/articulos\/conciliacion-verano-permisos-vacaciones\/\" target=\"_blank\" data-type=\"link\" data-id=\"https:\/\/educa.pro\/articulos\/conciliacion-verano-permisos-vacaciones\/\" rel=\"noreferrer noopener\">gesti\u00f3n de vacaciones y permisos sin conflictos.<\/a><\/p>\n\n\n\n<h2 class=\"wp-block-heading\">Obligaciones concretas de la empresa: pol\u00edtica, protocolo y negociaci\u00f3n<\/h2>\n\n\n\n<p class=\"wp-block-paragraph\">Tener una pol\u00edtica de desconexi\u00f3n digital <strong>no es opcional: es una obligaci\u00f3n legal.<\/strong> Y no basta con redactar un documento y publicarlo en la intranet. La pol\u00edtica debe contener el <strong>horario laboral de referencia,<\/strong> el <strong>protocolo para urgencias reales,<\/strong> los canales y herramientas a los que aplica y las consecuencias del incumplimiento. Debe comunicarse activamente a toda la plantilla y, si existe representaci\u00f3n sindical, <strong>negociarse con ella antes de su implantaci\u00f3n.<\/strong> Las empresas que no tienen pol\u00edtica o que la tienen sin negociar est\u00e1n expuestas a sanci\u00f3n incluso si en la pr\u00e1ctica respetan el derecho.<\/p>\n\n\n\n    <div id=\"modulo-post-11413-9956\" class=\"modulo-post-render\">\n                    <style>\n* { box-sizing: border-box; margin: 0; padding: 0; }\n  body { font-family: 'Segoe UI', Arial, sans-serif; background: #ffffff; color: #373d6d; padding: 28px 16px; }\n\n  .widget-header { text-align: center; margin-bottom: 22px; }\n  .widget-header h2 { font-size: 1.1rem; font-weight: 700; color: #373d6d; margin-bottom: 5px; }\n  .widget-header p { font-size: 0.81rem; color: #5c66ad; }\n\n  .progress-wrap { max-width: 640px; margin: 0 auto 6px; background: #bdc1dd; border-radius: 20px; height: 10px; overflow: hidden; }\n  .progress-fill { height: 100%; background: #373d6d; border-radius: 20px; transition: width 0.35s ease; width: 0%; }\n  .progress-label { text-align: center; font-size: 0.76rem; color: #5c66ad; font-weight: 600; margin-bottom: 18px; max-width: 640px; margin-left: auto; margin-right: auto; }\n\n  .section { max-width: 640px; margin: 0 auto 14px; }\n  .section-title {\n    font-size: 0.68rem; font-weight: 700; text-transform: uppercase; letter-spacing: 0.06em;\n    color: #5c66ad; margin-bottom: 8px; display: flex; align-items: center; gap: 6px;\n  }\n\n  .check-list { display: flex; flex-direction: column; gap: 7px; }\n\n  .check-item {\n    background: #f4f5fb; border: 1.5px solid #bdc1dd; border-radius: 10px;\n    padding: 11px 14px; cursor: pointer; display: flex; align-items: flex-start; gap: 10px;\n    transition: all 0.18s;\n  }\n  .check-item:hover { border-color: #5c66ad; }\n  .check-item.done { background: #373d6d; border-color: #373d6d; }\n\n  .chk {\n    width: 20px; height: 20px; border-radius: 5px; border: 2px solid #bdc1dd;\n    flex-shrink: 0; display: flex; align-items: center; justify-content: center;\n    font-size: 0.75rem; background: #ffffff; color: #373d6d; transition: all 0.15s; margin-top: 1px;\n  }\n  .check-item.done .chk { background: #5c66ad; border-color: #5c66ad; color: #ffffff; }\n\n  .check-text { flex: 1; }\n  .check-name { font-size: 0.82rem; font-weight: 700; color: #373d6d; margin-bottom: 2px; line-height: 1.3; }\n  .check-item.done .check-name { color: #d3eceb; }\n  .check-desc { font-size: 0.74rem; color: #5c66ad; line-height: 1.4; }\n  .check-item.done .check-desc { color: #bdc1dd; }\n\n  .oblig-tag {\n    font-size: 0.64rem; font-weight: 700; padding: 2px 7px; border-radius: 6px;\n    flex-shrink: 0; margin-top: 2px; white-space: nowrap;\n  }\n  .tag-legal { background: #fee2e2; color: #991b1b; }\n  .tag-rec   { background: #fef3c7; color: #92400e; }\n  .check-item.done .tag-legal { background: #5c66ad; color: #d3eceb; }\n  .check-item.done .tag-rec   { background: #5c66ad; color: #d3eceb; }\n\n  .summary {\n    max-width: 640px; margin: 16px auto 0; border-radius: 12px; padding: 14px 18px;\n    font-size: 0.8rem; line-height: 1.5; transition: all 0.3s;\n    background: #f4f5fb; border: 1.5px solid #bdc1dd; color: #5c66ad;\n  }\n  .summary.complete { background: #373d6d; border-color: #373d6d; color: #d3eceb; }\n  .summary strong { color: #373d6d; display: block; margin-bottom: 3px; font-size: 0.82rem; }\n  .summary.complete strong { color: #ffffff; }            <\/style>\n        \n        <div class=\"widget-header\">\n  <h2>Checklist: pol\u00edtica de desconexi\u00f3n digital<\/h2>\n  <p>Marca lo que ya tienes implementado para ver qu\u00e9 falta cubrir y tu nivel de cumplimiento<\/p>\n<\/div>\n\n<div class=\"progress-wrap\"><div class=\"progress-fill\" id=\"bar\"><\/div><\/div>\n<div class=\"progress-label\" id=\"prog\">0 de 10 elementos cubiertos<\/div>\n\n<div id=\"sections\"><\/div>\n<div class=\"summary\" id=\"summary\">Ve marcando los elementos implementados para ver tu diagn\u00f3stico de cumplimiento.<\/div>    <\/div>\n\n                                    <script>\n\nconst sections = [\n  {\n    title: \"\ud83d\udcc4 Documentaci\u00f3n obligatoria\",\n    items: [\n      { id: 0, name: \"Pol\u00edtica interna de desconexi\u00f3n digital\", desc: \"Documento formal que regula el derecho a no responder comunicaciones fuera del horario laboral. Obligatoria por el art. 88 LOPDGDD.\", tag: \"legal\" },\n      { id: 1, name: \"Negociaci\u00f3n con representaci\u00f3n sindical\", desc: \"Si existe representaci\u00f3n legal de los trabajadores, la pol\u00edtica debe negociarse con ella antes de su implantaci\u00f3n.\", tag: \"legal\" },\n      { id: 2, name: \"Comunicaci\u00f3n formal a toda la plantilla\", desc: \"La pol\u00edtica debe ser conocida por todos los empleados. No basta con publicarla en la intranet: debe comunicarse activamente.\", tag: \"legal\" }\n    ]\n  },\n  {\n    title: \"\ud83d\udccb Contenido m\u00ednimo de la pol\u00edtica\",\n    items: [\n      { id: 3, name: \"Definici\u00f3n del horario laboral de referencia\", desc: \"La pol\u00edtica debe especificar qu\u00e9 se considera horario laboral y, por tanto, fuera de qu\u00e9 franja aplica el derecho a desconectar.\", tag: \"legal\" },\n      { id: 4, name: \"Protocolo para urgencias reales\", desc: \"Criterios claros sobre qu\u00e9 constituye una urgencia que justifica el contacto fuera de horario y qui\u00e9n puede activarlo.\", tag: \"legal\" },\n      { id: 5, name: \"Canales y herramientas incluidos en la pol\u00edtica\", desc: \"Email, WhatsApp, Teams, llamadas: la pol\u00edtica debe especificar qu\u00e9 canales cubre y con qu\u00e9 condiciones.\", tag: \"rec\" }\n    ]\n  },\n  {\n    title: \"\ud83d\udcbb Medidas t\u00e9cnicas y organizativas\",\n    items: [\n      { id: 6, name: \"Configuraci\u00f3n de respuestas autom\u00e1ticas fuera de horario\", desc: \"Activar mensajes autom\u00e1ticos que informen al remitente de que el mensaje ser\u00e1 atendido en el siguiente horario laboral.\", tag: \"rec\" },\n      { id: 7, name: \"Eliminaci\u00f3n del reenv\u00edo de email corporativo a dispositivo personal\", desc: \"Medida t\u00e9cnica que refuerza la desconexi\u00f3n real, especialmente en perfiles con teletrabajo consolidado.\", tag: \"rec\" }\n    ]\n  },\n  {\n    title: \"\ud83d\udc65 Formaci\u00f3n y cultura\",\n    items: [\n      { id: 8, name: \"Formaci\u00f3n espec\u00edfica para managers sobre la pol\u00edtica\", desc: \"El manager es el primer punto de fricci\u00f3n. Debe conocer la pol\u00edtica, sus l\u00edmites y c\u00f3mo dar ejemplo desde su conducta.\", tag: \"legal\" },\n      { id: 9, name: \"Revisi\u00f3n anual de la pol\u00edtica y sus resultados\", desc: \"La LOPDGDD no impone periodicidad, pero la buena pr\u00e1ctica es revisar la pol\u00edtica al menos una vez al a\u00f1o con los representantes.\", tag: \"rec\" }\n    ]\n  }\n];\n\nconst allItems = sections.flatMap(s => s.items);\nconst done = new Set();\n\nfunction render() {\n  const sectEl = document.getElementById('sections');\n  sectEl.innerHTML = '';\n  sections.forEach(sec => {\n    const div = document.createElement('div');\n    div.className = 'section';\n    div.innerHTML = `<div class=\"section-title\">${sec.title}<\/div><div class=\"check-list\" id=\"cl-${sec.title.replace(\/s\/g,'')}\"><\/div>`;\n    sectEl.appendChild(div);\n    const list = div.querySelector('.check-list');\n    sec.items.forEach(item => {\n      const el = document.createElement('div');\n      el.className = 'check-item' + (done.has(item.id) ? ' done' : '');\n      el.innerHTML = `\n        <div class=\"chk\">${done.has(item.id) ? '\u2713' : ''}<\/div>\n        <div class=\"check-text\">\n          <div class=\"check-name\">${item.name}<\/div>\n          <div class=\"check-desc\">${item.desc}<\/div>\n        <\/div>\n        <span class=\"oblig-tag tag-${item.tag}\">${item.tag === 'legal' ? 'Obligatorio' : 'Recomendado'}<\/span>`;\n      el.onclick = () => { done.has(item.id) ? done.delete(item.id) : done.add(item.id); render(); };\n      list.appendChild(el);\n    });\n  });\n\n  const n = done.size;\n  const total = allItems.length;\n  const pct = Math.round((n \/ total) * 100);\n  document.getElementById('bar').style.width = pct + '%';\n  document.getElementById('prog').textContent = `${n} de ${total} elementos cubiertos`;\n\n  const summary = document.getElementById('summary');\n  const legalDone = allItems.filter(i => i.tag === 'legal' && done.has(i.id)).length;\n  const legalTotal = allItems.filter(i => i.tag === 'legal').length;\n\n  if (n === 0) {\n    summary.className = 'summary';\n    summary.innerHTML = 'Ve marcando los elementos implementados para ver tu diagn\u00f3stico de cumplimiento.';\n  } else if (legalDone < legalTotal) {\n    summary.className = 'summary';\n    summary.innerHTML = `<strong>Cumplimiento incompleto \u2014 riesgo de sanci\u00f3n<\/strong>Tienes ${legalTotal - legalDone} elemento${legalTotal - legalDone > 1 ? 's' : ''} obligatorio${legalTotal - legalDone > 1 ? 's' : ''} sin cubrir. La Inspecci\u00f3n de Trabajo puede sancionar la ausencia de pol\u00edtica de desconexi\u00f3n o su falta de negociaci\u00f3n con la representaci\u00f3n sindical.`;\n  } else if (n < total) {\n    summary.className = 'summary';\n    summary.innerHTML = `<strong>Cumplimiento legal cubierto \u2014 mejoras pendientes<\/strong>Tienes todos los elementos obligatorios en orden. Los ${total - n} elementos recomendados pendientes refuerzan la aplicaci\u00f3n real de la pol\u00edtica y reducen la fricci\u00f3n con managers y empleados.`;\n  } else {\n    summary.className = 'summary complete';\n    summary.innerHTML = `<strong>Pol\u00edtica completa<\/strong>Tu empresa tiene cubiertos todos los elementos obligatorios y las medidas recomendadas. El siguiente paso es asegurar que managers y empleados conocen y aplican la pol\u00edtica en su d\u00eda a d\u00eda.`;\n  }\n}\n\nrender();\n            <\/script>\n            \n    \n\n\n\n<h2 class=\"wp-block-heading\">Qu\u00e9 deben hacer (y no hacer) los managers durante las vacaciones del equipo<\/h2>\n\n\n\n<p class=\"wp-block-paragraph\">El manager es el<strong> primer punto de fricci\u00f3n <\/strong>en la desconexi\u00f3n digital. Es quien decide si un mensaje puede esperar al lunes o si justifica una llamada al empleado que est\u00e1 de vacaciones. Y es quien, con su propio comportamiento, <strong>establece la norma impl\u00edcita del equipo. <\/strong>Los casos en que el contacto fuera de horario est\u00e1 justificado son muy concretos: incidencias cr\u00edticas sin alternativa de cobertura y con impacto directo en la operativa. Todo lo dem\u00e1s puede esperar. El manager que <strong>delega correctamente la cobertura<\/strong> antes de que empiece el per\u00edodo vacacional no necesita contactar a nadie. La preparaci\u00f3n previa es la mejor pol\u00edtica de desconexi\u00f3n.<\/p>\n\n\n\n<h2 class=\"wp-block-heading\">Teletrabajo y desconexi\u00f3n: la combinaci\u00f3n m\u00e1s dif\u00edcil de gestionar<\/h2>\n\n\n\n<p class=\"wp-block-paragraph\">Con el trabajo h\u00edbrido consolidado, los l\u00edmites entre horario laboral y tiempo personal son <strong>m\u00e1s difusos que nunca. <\/strong>El empleado en teletrabajo no tiene el desplazamiento f\u00edsico como se\u00f1al de inicio y fin de jornada, y la tentaci\u00f3n de responder un mensaje a las 22h desde el sof\u00e1 es mayor que en la oficina. La<strong> Ley de Trabajo a Distancia<\/strong> refuerza el derecho a la desconexi\u00f3n en este contexto, pero su aplicaci\u00f3n pr\u00e1ctica depende de medidas concretas: <strong>configurar respuestas autom\u00e1ticas fuera de horario, <\/strong>eliminar el reenv\u00edo del email corporativo al dispositivo personal y establecer acuerdos expl\u00edcitos de disponibilidad en los contratos de teletrabajo.<\/p>\n\n\n\n<h2 class=\"wp-block-heading\">C\u00f3mo formar a managers y equipos para respetar la desconexi\u00f3n de forma cultural<\/h2>\n\n\n\n<p class=\"wp-block-paragraph\"><strong>La ley sola no cambia la cultura. <\/strong>Una pol\u00edtica bien redactada que nadie aplica es papel mojado. El cambio real requiere que los managers entiendan sus obligaciones, sepan delegar la cobertura, conozcan los l\u00edmites del contacto leg\u00edtimo y <strong>den ejemplo con su propio comportamiento. <\/strong>Para los empleados, la formaci\u00f3n en autogesti\u00f3n y en el uso saludable de herramientas digitales reduce la reactividad y mejora la capacidad de desconexi\u00f3n real. Desde Educa.Pro, el <a href=\"https:\/\/educa.pro\/catalogo\/corporativo\/rrhh\/\" data-type=\"link\" data-id=\"https:\/\/educa.pro\/catalogo\/corporativo\/rrhh\/\" target=\"_blank\" rel=\"noreferrer noopener\">cat\u00e1logo de RRHH<\/a> incluye programas de formaci\u00f3n en <strong>bienestar digital y gesti\u00f3n de equipos<\/strong> orientados espec\u00edficamente a desarrollar estas competencias en managers y personal de RRHH.<\/p>\n\n\n\n<p class=\"wp-block-paragraph\">La desconexi\u00f3n digital no es un beneficio que la empresa concede: es un derecho que la ley reconoce y que la empresa tiene que garantizar. La diferencia entre las organizaciones que lo gestionan bien y las que no est\u00e1, casi siempre, en si sus managers<strong> han sido formados para entenderlo y aplicarlo.<\/strong><\/p>\n","protected":false},"excerpt":{"rendered":"<p>Agosto concentra el momento de mayor tensi\u00f3n entre el derecho a desconectar y la presi\u00f3n cultural de estar siempre disponible. [&hellip;]<\/p>\n","protected":false},"author":3,"featured_media":11414,"comment_status":"open","ping_status":"open","sticky":false,"template":"","format":"standard","meta":{"site-sidebar-layout":"default","site-content-layout":"","ast-site-content-layout":"default","site-content-style":"default","site-sidebar-style":"default","ast-global-header-display":"","ast-banner-title-visibility":"","ast-main-header-display":"","ast-hfb-above-header-display":"","ast-hfb-below-header-display":"","ast-hfb-mobile-header-display":"","site-post-title":"","ast-breadcrumbs-content":"","ast-featured-img":"","footer-sml-layout":"","ast-disable-related-posts":"","theme-transparent-header-meta":"","adv-header-id-meta":"","stick-header-meta":"","header-above-stick-meta":"","header-main-stick-meta":"","header-below-stick-meta":"","astra-migrate-meta-layouts":"default","ast-page-background-enabled":"default","ast-page-background-meta":{"desktop":{"background-color":"var(--ast-global-color-5)","background-image":"","background-repeat":"repeat","background-position":"center center","background-size":"auto","background-attachment":"scroll","background-type":"","background-media":"","overlay-type":"","overlay-color":"","overlay-opacity":"","overlay-gradient":""},"tablet":{"background-color":"","background-image":"","background-repeat":"repeat","background-position":"center center","background-size":"auto","background-attachment":"scroll","background-type":"","background-media":"","overlay-type":"","overlay-color":"","overlay-opacity":"","overlay-gradient":""},"mobile":{"background-color":"","background-image":"","background-repeat":"repeat","background-position":"center center","background-size":"auto","background-attachment":"scroll","background-type":"","background-media":"","overlay-type":"","overlay-color":"","overlay-opacity":"","overlay-gradient":""}},"ast-content-background-meta":{"desktop":{"background-color":"var(--ast-global-color-4)","background-image":"","background-repeat":"repeat","background-position":"center center","background-size":"auto","background-attachment":"scroll","background-type":"","background-media":"","overlay-type":"","overlay-color":"","overlay-opacity":"","overlay-gradient":""},"tablet":{"background-color":"var(--ast-global-color-4)","background-image":"","background-repeat":"repeat","background-position":"center center","background-size":"auto","background-attachment":"scroll","background-type":"","background-media":"","overlay-type":"","overlay-color":"","overlay-opacity":"","overlay-gradient":""},"mobile":{"background-color":"var(--ast-global-color-4)","background-image":"","background-repeat":"repeat","background-position":"center center","background-size":"auto","background-attachment":"scroll","background-type":"","background-media":"","overlay-type":"","overlay-color":"","overlay-opacity":"","overlay-gradient":""}},"footnotes":""},"categories":[1],"tags":[],"class_list":["post-11413","post","type-post","status-publish","format-standard","has-post-thumbnail","hentry","category-uncategorized"],"_links":{"self":[{"href":"https:\/\/educa.pro\/en\/wp-json\/wp\/v2\/posts\/11413","targetHints":{"allow":["GET"]}}],"collection":[{"href":"https:\/\/educa.pro\/en\/wp-json\/wp\/v2\/posts"}],"about":[{"href":"https:\/\/educa.pro\/en\/wp-json\/wp\/v2\/types\/post"}],"author":[{"embeddable":true,"href":"https:\/\/educa.pro\/en\/wp-json\/wp\/v2\/users\/3"}],"replies":[{"embeddable":true,"href":"https:\/\/educa.pro\/en\/wp-json\/wp\/v2\/comments?post=11413"}],"version-history":[{"count":1,"href":"https:\/\/educa.pro\/en\/wp-json\/wp\/v2\/posts\/11413\/revisions"}],"predecessor-version":[{"id":11415,"href":"https:\/\/educa.pro\/en\/wp-json\/wp\/v2\/posts\/11413\/revisions\/11415"}],"wp:featuredmedia":[{"embeddable":true,"href":"https:\/\/educa.pro\/en\/wp-json\/wp\/v2\/media\/11414"}],"wp:attachment":[{"href":"https:\/\/educa.pro\/en\/wp-json\/wp\/v2\/media?parent=11413"}],"wp:term":[{"taxonomy":"category","embeddable":true,"href":"https:\/\/educa.pro\/en\/wp-json\/wp\/v2\/categories?post=11413"},{"taxonomy":"post_tag","embeddable":true,"href":"https:\/\/educa.pro\/en\/wp-json\/wp\/v2\/tags?post=11413"}],"curies":[{"name":"wp","href":"https:\/\/api.w.org\/{rel}","templated":true}]}}